{"id":3898,"date":"2017-01-09T15:13:56","date_gmt":"2017-01-09T14:13:56","guid":{"rendered":"https:\/\/www.gova.fr\/sin-categorizar\/pronto-una-fabrica-de-tesla-en-francia\/"},"modified":"2017-01-09T15:13:56","modified_gmt":"2017-01-09T14:13:56","slug":"pronto-una-fabrica-de-tesla-en-francia","status":"publish","type":"post","link":"https:\/\/www.gova.fr\/es\/actualite\/pronto-una-fabrica-de-tesla-en-francia\/","title":{"rendered":"\u00bfPronto una f\u00e1brica de Tesla en Francia?"},"content":{"rendered":"<p>Uno de los mayores fabricantes de autom\u00f3viles del mundo podr\u00eda llegar pronto a nuestras costas. De hecho, <a rel=\"noopener\" target=\"_blank\" href=\"https:\/\/fr.wikipedia.org\/wiki\/Tesla_Motors\">Tesla<\/a> ha anunciado su inter\u00e9s por establecerse en Europa. En 2018 se crear\u00e1 una f\u00e1brica. Sin embargo, a\u00fan no se sabe en qu\u00e9 pa\u00eds se colocar\u00e1. De momento, muchos pa\u00edses se han interesado por este proyecto y, por supuesto, Francia es uno de ellos.<\/p>\n<h2>Una nueva f\u00e1brica para satisfacer la alta demanda<\/h2>\n<p>Tesla fue uno de los fabricantes de autom\u00f3viles con m\u00e1s \u00e9xito el a\u00f1o pasado (2016). De hecho, sus ventas han aumentado un 50% y las previsiones siguen siendo buenas para el nuevo a\u00f1o 2017. Si bien la firma produjo alrededor de 80.000 veh\u00edculos en 2016, el list\u00f3n se ha subido un poco m\u00e1s este a\u00f1o con el objetivo de alcanzar los 100.000 coches. Por supuesto, no ser\u00e1 f\u00e1cil producir todo esto. Por ello, el fabricante tiene previsto abrir una nueva f\u00e1brica en Europa. Al mismo tiempo, evitar\u00e1 problemas de entrega y podr\u00e1 suministrar modelos a los clientes europeos en menos tiempo.<\/p>\n<h2>Francia est\u00e1 en carrera<\/h2>\n<p>Despu\u00e9s de que Tesla anunciara la noticia, varios pa\u00edses europeos se apresuraron a acercarse al gigante para entablar conversaciones. Entre ellos se encontraban Alemania, Espa\u00f1a y los Pa\u00edses Bajos. Francia tambi\u00e9n estuvo entre los que participaron en la carrera para que la nueva planta se ubicara en su suelo. El Ministro de Econom\u00eda, Michel Sapin, se desplaz\u00f3 a San Francisco para entrevistarse con el Vicepresidente de Desarrollo Econ\u00f3mico de la empresa, Diarmud O&#8217;Connel. Su objetivo era mostrarle las ventajas que tiene Francia para instalar una nueva f\u00e1brica de Tesla. Y, seg\u00fan el informe del ministro, Francia podr\u00eda hacerse con el mercado, ya que el equipo del fabricante estadounidense afirma estar interesado en el pa\u00eds galo.<\/p>\n","protected":false},"excerpt":{"rendered":"<p>Uno de los mayores fabricantes de autom\u00f3viles del mundo podr\u00eda llegar pronto a nuestras costas. De hecho, Tesla ha anunciado su inter\u00e9s por establecerse en Europa. En 2018 se crear\u00e1 una f\u00e1brica. Sin embargo, a\u00fan no se sabe en qu\u00e9 pa\u00eds se colocar\u00e1. De momento, muchos pa\u00edses se han interesado por este proyecto y, por &hellip; <a href=\"https:\/\/www.gova.fr\/es\/actualite\/pronto-una-fabrica-de-tesla-en-francia\/\" class=\"more-link\">Sigue leyendo <span class=\"screen-reader-text\">\u00bfPronto una f\u00e1brica de Tesla en Francia?<\/span><\/a><\/p>\n","protected":false},"author":3,"featured_media":3449,"comment_status":"open","ping_status":"open","sticky":false,"template":"","format":"standard","meta":{"_seopress_robots_primary_cat":"9","_seopress_titles_title":"","_seopress_titles_desc":"","_seopress_robots_index":"","footnotes":""},"categories":[244],"tags":[],"class_list":["post-3898","post","type-post","status-publish","format-standard","has-post-thumbnail","hentry","category-noticias"],"_links":{"self":[{"href":"https:\/\/www.gova.fr\/es\/wp-json\/wp\/v2\/posts\/3898","targetHints":{"allow":["GET"]}}],"collection":[{"href":"https:\/\/www.gova.fr\/es\/wp-json\/wp\/v2\/posts"}],"about":[{"href":"https:\/\/www.gova.fr\/es\/wp-json\/wp\/v2\/types\/post"}],"author":[{"embeddable":true,"href":"https:\/\/www.gova.fr\/es\/wp-json\/wp\/v2\/users\/3"}],"replies":[{"embeddable":true,"href":"https:\/\/www.gova.fr\/es\/wp-json\/wp\/v2\/comments?post=3898"}],"version-history":[{"count":0,"href":"https:\/\/www.gova.fr\/es\/wp-json\/wp\/v2\/posts\/3898\/revisions"}],"wp:featuredmedia":[{"embeddable":true,"href":"https:\/\/www.gova.fr\/es\/wp-json\/wp\/v2\/media\/3449"}],"wp:attachment":[{"href":"https:\/\/www.gova.fr\/es\/wp-json\/wp\/v2\/media?parent=3898"}],"wp:term":[{"taxonomy":"category","embeddable":true,"href":"https:\/\/www.gova.fr\/es\/wp-json\/wp\/v2\/categories?post=3898"},{"taxonomy":"post_tag","embeddable":true,"href":"https:\/\/www.gova.fr\/es\/wp-json\/wp\/v2\/tags?post=3898"}],"curies":[{"name":"wp","href":"https:\/\/api.w.org\/{rel}","templated":true}]}}